{"id":117,"date":"2024-03-02T07:16:07","date_gmt":"2024-03-02T07:16:07","guid":{"rendered":"http:\/\/demo.mysterythemes.com\/news-portal\/?p=117"},"modified":"2024-04-15T13:18:13","modified_gmt":"2024-04-15T13:18:13","slug":"melhores-notebooks-para-uso-corporativo","status":"publish","type":"post","link":"https:\/\/b2ti.com.br\/noticias-ti-corporativo\/melhores-notebooks-para-uso-corporativo\/","title":{"rendered":"Os 7 melhores notebooks para uso corporativo em 2024"},"content":{"rendered":"<h2 class=\"elementor-heading-title elementor-size-default\">Guia pr\u00e1tico com os melhores notebooks para uso corporativo<\/h2>\n<p>Os notebooks para uso corporativo desempenham um papel crucial na produtividade e efici\u00eancia dos profissionais. Seja para reuni\u00f5es, apresenta\u00e7\u00f5es ou tarefas di\u00e1rias, ter um dispositivo confi\u00e1vel \u00e9 essencial. Nesta lista, destacamos os 7 melhores notebooks para uso corporativo, com foco em marcas renomadas como <a href=\"https:\/\/www.dell.com\/pt-br?gacd=9657105-15013-5761040-275878141-0&amp;dgc=ST&amp;cid=71700000068913360&amp;gad_source=1&amp;gclid=CjwKCAjw8diwBhAbEiwA7i_sJVzjb37QLSocYOtF47jBSXbddhBOTXovN_JLm88pbN5JyvJGbG5T1xoC3OYQAvD_BwE&amp;gclsrc=aw.ds\" target=\"_blank\" rel=\"noopener\">Dell<\/a>, <a href=\"https:\/\/www.lenovo.com\/br\/pt\/pc\/\" target=\"_blank\" rel=\"noopener\">Lenovo<\/a>, <a href=\"https:\/\/www.hp.com\/pt-pt\/services\/consumer\/carepack-pc.html\" target=\"_blank\" rel=\"noopener\">HP<\/a> e outras.<\/p>\n<h2><strong>1 \u2013 Notebook HP HPCM 440 G9\u00a0\u00a0<\/strong><\/h2>\n<p><img fetchpriority=\"high\" decoding=\"async\" class=\"alignnone wp-image-546\" src=\"https:\/\/b2ti.com.br\/noticias-ti-corporativo\/wp-content\/uploads\/2023\/07\/440-G9-1-300x180.webp\" alt=\"melhores notebooks para uso corporativo\" width=\"435\" height=\"261\" srcset=\"https:\/\/b2ti.com.br\/noticias-ti-corporativo\/wp-content\/uploads\/2023\/07\/440-G9-1-300x180.webp 300w, https:\/\/b2ti.com.br\/noticias-ti-corporativo\/wp-content\/uploads\/2023\/07\/440-G9-1.webp 500w\" sizes=\"(max-width: 435px) 100vw, 435px\" \/><\/p>\n<div class=\"elementor-element elementor-element-5a62c97 elementor-widget elementor-widget-text-editor\" data-id=\"5a62c97\" data-element_type=\"widget\" data-widget_type=\"text-editor.default\">\n<div class=\"elementor-widget-container\">\n<h5>Especifica\u00e7\u00f5es Gerais:<\/h5>\n<ul>\n<li><strong>Modelo:<\/strong>\u00a0HP HPCM 440 G9<\/li>\n<li><strong>Processador:<\/strong>\u00a0Intel Core i5-1235U (11\u00aa gera\u00e7\u00e3o)<\/li>\n<li><strong>Tela:<\/strong>\u00a014 polegadas HD (1366 x 768 pixels)<\/li>\n<li><strong>Sistema Operacional:<\/strong>\u00a0Windows 11 Pro<\/li>\n<li><strong>Mem\u00f3ria RAM:<\/strong>\u00a08 GB DDR4<\/li>\n<li><strong>Armazenamento:<\/strong>\u00a0SSD de 256 GB<\/li>\n<li><strong>Placa de V\u00eddeo:<\/strong>\u00a0Integrada (Intel UHD Graphics)<\/li>\n<li><strong>Teclado:<\/strong>\u00a0Padr\u00e3o com teclado num\u00e9rico<\/li>\n<li><strong>Peso:<\/strong>\u00a0Aproximadamente 1,6 kg<\/li>\n<\/ul>\n<h5>Conectividade:<\/h5>\n<ul>\n<li><strong>Wi-Fi:<\/strong>\u00a0Wi-Fi 6 (802.11ax)<\/li>\n<li><strong>Bluetooth:<\/strong>\u00a0Vers\u00e3o 5.0<\/li>\n<li><strong>Portas:<\/strong>\n<ul>\n<li>2 x USB 3.2 Gen 1<\/li>\n<li>1 x USB 2.0<\/li>\n<li>1 x HDMI<\/li>\n<li>1 x RJ-45 (Ethernet)<\/li>\n<li>1 x Entrada para fone de ouvido\/microfone<\/li>\n<li>Leitor de cart\u00e3o SD<\/li>\n<\/ul>\n<\/li>\n<\/ul>\n<h5>Bateria:<\/h5>\n<ul>\n<li><strong>Tipo:<\/strong>\u00a0Bateria de \u00edon de l\u00edtio<\/li>\n<li><strong>Capacidade:<\/strong>\u00a0At\u00e9 8 horas de uso (varia de acordo com a configura\u00e7\u00e3o)<\/li>\n<\/ul>\n<h5>Dimens\u00f5es:<\/h5>\n<ul>\n<li><strong>Altura:<\/strong>\u00a0Aproximadamente 19,9 mm<\/li>\n<li><strong>Largura:<\/strong>\u00a0Aproximadamente 324 mm<\/li>\n<li><strong>Profundidade:<\/strong>\u00a0Aproximadamente 224 mm<\/li>\n<\/ul>\n<h5>Recursos Adicionais:<\/h5>\n<ul>\n<li><strong>Webcam:<\/strong>\u00a0Integrada (HD)<\/li>\n<li><strong>\u00c1udio:<\/strong> Alto-falantes est\u00e9reo com tecnologia HP \u00c1udio<\/li>\n<li><strong>Cor:<\/strong>\u00a0Prata<\/li>\n<\/ul>\n<\/div>\n<\/div>\n<div class=\"elementor-element elementor-element-0da014f elementor-widget elementor-widget-heading\" data-id=\"0da014f\" data-element_type=\"widget\" data-widget_type=\"heading.default\">\n<div class=\"elementor-widget-container\">\n<h4 class=\"elementor-heading-title elementor-size-default\">O HP HPCM 440 G9 \u00e9 um notebook vers\u00e1til e eficiente para tarefas do dia a dia. Ideal para uso corporativo e estudos.<\/h4>\n<\/div>\n<\/div>\n<h2><strong>2 \u2013 Notebook Lenovo V15 G3<\/strong><\/h2>\n<p><img decoding=\"async\" class=\"alignnone  wp-image-547\" src=\"https:\/\/b2ti.com.br\/noticias-ti-corporativo\/wp-content\/uploads\/2023\/07\/NOTEBOOK-V15-G3-300x180.png\" alt=\"\" width=\"478\" height=\"287\" srcset=\"https:\/\/b2ti.com.br\/noticias-ti-corporativo\/wp-content\/uploads\/2023\/07\/NOTEBOOK-V15-G3-300x180.png 300w, https:\/\/b2ti.com.br\/noticias-ti-corporativo\/wp-content\/uploads\/2023\/07\/NOTEBOOK-V15-G3.png 500w\" sizes=\"(max-width: 478px) 100vw, 478px\" \/><\/p>\n<div class=\"elementor-element elementor-element-d0b7156 elementor-widget elementor-widget-text-editor\" data-id=\"d0b7156\" data-element_type=\"widget\" data-widget_type=\"text-editor.default\">\n<div class=\"elementor-widget-container\">\n<h5>Especifica\u00e7\u00f5es Gerais:<\/h5>\n<ul>\n<li><strong>Modelo:<\/strong>\u00a0V15 G3<\/li>\n<li><strong>Processador:<\/strong>\u00a0Intel Core i5-1235U (11\u00aa gera\u00e7\u00e3o)<\/li>\n<li><strong>Tela:<\/strong>\u00a015,6 polegadas HD (1366 x 768 pixels)<\/li>\n<li><strong>Sistema Operacional:<\/strong>\u00a0Windows 11 Pro<\/li>\n<li><strong>Mem\u00f3ria RAM:<\/strong>\u00a08 GB DDR4<\/li>\n<li><strong>Armazenamento:<\/strong>\u00a0SSD de 256 GB<\/li>\n<li><strong>Placa de V\u00eddeo:<\/strong>\u00a0Integrada (Intel UHD Graphics)<\/li>\n<li><strong>Teclado:<\/strong>\u00a0Padr\u00e3o com teclado num\u00e9rico<\/li>\n<li><strong>Peso:<\/strong>\u00a0Aproximadamente 1,8 kg<\/li>\n<\/ul>\n<h5>Conectividade:<\/h5>\n<ul>\n<li><strong>Wi-Fi:<\/strong>\u00a0Wi-Fi 6 (802.11ax)<\/li>\n<li><strong>Bluetooth:<\/strong>\u00a0Vers\u00e3o 5.0<\/li>\n<li><strong>Portas:<\/strong>\n<ul>\n<li>2 x USB 3.2 Gen 1<\/li>\n<li>1 x USB 2.0<\/li>\n<li>1 x HDMI<\/li>\n<li>1 x RJ-45 (Ethernet)<\/li>\n<li>1 x Entrada para fone de ouvido\/microfone<\/li>\n<li>Leitor de cart\u00e3o SD<\/li>\n<\/ul>\n<\/li>\n<\/ul>\n<h5>Bateria:<\/h5>\n<ul>\n<li><strong>Tipo:<\/strong>\u00a0Bateria de \u00edon de l\u00edtio<\/li>\n<li><strong>Capacidade:<\/strong>\u00a0At\u00e9 8 horas de uso (varia de acordo com a configura\u00e7\u00e3o)<\/li>\n<\/ul>\n<h5>Dimens\u00f5es:<\/h5>\n<ul>\n<li><strong>Altura:<\/strong>\u00a0Aproximadamente 19,9 mm<\/li>\n<li><strong>Largura:<\/strong>\u00a0Aproximadamente 363 mm<\/li>\n<li><strong>Profundidade:<\/strong>\u00a0Aproximadamente 245 mm<\/li>\n<\/ul>\n<h5>Recursos Adicionais:<\/h5>\n<ul>\n<li><strong>Webcam:<\/strong>\u00a0Integrada (HD)<\/li>\n<li><strong>\u00c1udio:<\/strong>\u00a0Alto-falantes est\u00e9reo com tecnologia de \u00e1udio<\/li>\n<li><strong>Cor:<\/strong>\u00a0Prata<\/li>\n<\/ul>\n<\/div>\n<\/div>\n<div class=\"elementor-element elementor-element-2df5e5e elementor-widget elementor-widget-heading\" data-id=\"2df5e5e\" data-element_type=\"widget\" data-widget_type=\"heading.default\">\n<div class=\"elementor-widget-container\">\n<h4 class=\"elementor-heading-title elementor-size-default\">O Notebook V15 G3 i5-1235U \u00e9 uma op\u00e7\u00e3o vers\u00e1til para tarefas do dia a dia, oferecendo desempenho e mobilidade.<\/h4>\n<\/div>\n<\/div>\n<h2>3 \u2013 MacBook Pro<\/h2>\n<p><img decoding=\"async\" class=\"alignnone  wp-image-548\" src=\"https:\/\/b2ti.com.br\/noticias-ti-corporativo\/wp-content\/uploads\/2023\/07\/macbook-pro-300x180.webp\" alt=\"\" width=\"462\" height=\"277\" srcset=\"https:\/\/b2ti.com.br\/noticias-ti-corporativo\/wp-content\/uploads\/2023\/07\/macbook-pro-300x180.webp 300w, https:\/\/b2ti.com.br\/noticias-ti-corporativo\/wp-content\/uploads\/2023\/07\/macbook-pro.webp 500w\" sizes=\"(max-width: 462px) 100vw, 462px\" \/><\/p>\n<div class=\"elementor-element elementor-element-fafc863 e-flex e-con-boxed e-con e-parent\" data-id=\"fafc863\" data-element_type=\"container\" data-core-v316-plus=\"true\">\n<div class=\"e-con-inner\">\n<div class=\"elementor-element elementor-element-4dfbb0b elementor-widget elementor-widget-text-editor\" data-id=\"4dfbb0b\" data-element_type=\"widget\" data-widget_type=\"text-editor.default\">\n<div class=\"elementor-widget-container\">\n<h5>Especifica\u00e7\u00f5es Gerais:<\/h5>\n<ul>\n<li><strong>Modelo:<\/strong>\u00a0MacBook Pro (14 polegadas)<\/li>\n<li><strong>Processador:<\/strong>\u00a0Chip Apple M3 (configur\u00e1vel para M3 Pro ou M3 Max)\n<ul>\n<li>M3: 8-core CPU (4 n\u00facleos de alto desempenho e 4 n\u00facleos de efici\u00eancia)<\/li>\n<li>M3 Pro: 11-core CPU (5 n\u00facleos de alto desempenho e 6 n\u00facleos de efici\u00eancia)<\/li>\n<li>M3 Max: 14-core CPU (10 n\u00facleos de alto desempenho e 4 n\u00facleos de efici\u00eancia)<\/li>\n<\/ul>\n<\/li>\n<li><strong>Mem\u00f3ria RAM:<\/strong>\u00a08 GB ou 16 GB (configur\u00e1vel para at\u00e9 128 GB)<\/li>\n<li><strong>Armazenamento:<\/strong>\u00a0SSD (512 GB ou 1 TB)<\/li>\n<li><strong>Placa de V\u00eddeo:<\/strong>\u00a0GPU integrada (configur\u00e1vel para at\u00e9 40 n\u00facleos)<\/li>\n<li><strong>Tela:<\/strong>\u00a0Liquid Retina XDR de 14,2 polegadas (3024 x 1964 pixels)\n<ul>\n<li>Brilho XDR: 1000 nits (sustentado em tela cheia), 1600 nits (pico, apenas para conte\u00fado HDR)<\/li>\n<li>Taxas de atualiza\u00e7\u00e3o: ProMotion (at\u00e9 120Hz) e fixas (47,95Hz, 48,00Hz, 50,00Hz, 59,94Hz, 60,00Hz)<\/li>\n<\/ul>\n<\/li>\n<li><strong>Conectividade:<\/strong>\n<ul>\n<li>Wi-Fi 802.11ac<\/li>\n<li>Bluetooth 5.0<\/li>\n<li>Portas: USB, HDMI, RJ-45 (Ethernet), entrada para fone de ouvido\/microfone, leitor de cart\u00e3o SD<\/li>\n<\/ul>\n<\/li>\n<li><strong>Bateria:<\/strong>\n<ul>\n<li>At\u00e9 22 horas de reprodu\u00e7\u00e3o de filmes no app Apple TV<\/li>\n<li>At\u00e9 15 horas de navega\u00e7\u00e3o na web<\/li>\n<\/ul>\n<\/li>\n<li><strong>Peso:<\/strong>\u00a0Aproximadamente 1,85 kg<\/li>\n<\/ul>\n<h5>Recursos Adicionais:<\/h5>\n<ul>\n<li><strong>Webcam:<\/strong>\u00a0Integrada (HD)<\/li>\n<li><strong>\u00c1udio:<\/strong> Alto-falantes est\u00e9reo com tecnologia Dolby \u00c1udio<\/li>\n<li><strong>Seguran\u00e7a:<\/strong>\u00a0Leitor de impress\u00e3o digital (opcional)<\/li>\n<li><strong>Cores Dispon\u00edveis:<\/strong>\u00a0Prata e Space Gray<\/li>\n<\/ul>\n<\/div>\n<\/div>\n<div class=\"elementor-element elementor-element-da55cd3 elementor-widget elementor-widget-heading\" data-id=\"da55cd3\" data-element_type=\"widget\" data-widget_type=\"heading.default\">\n<div class=\"elementor-widget-container\">\n<h4 class=\"elementor-heading-title elementor-size-default\">O MacBook Pro oferece desempenho excepcional, uma tela impressionante e recursos avan\u00e7ados para profissionais exigentes.<\/h4>\n<\/div>\n<p><img loading=\"lazy\" decoding=\"async\" class=\"alignnone  wp-image-549\" src=\"https:\/\/b2ti.com.br\/noticias-ti-corporativo\/wp-content\/uploads\/2023\/07\/capas-para-blog-b2ti-notebook-homeoffice-1-300x195.webp\" alt=\"\" width=\"704\" height=\"458\" srcset=\"https:\/\/b2ti.com.br\/noticias-ti-corporativo\/wp-content\/uploads\/2023\/07\/capas-para-blog-b2ti-notebook-homeoffice-1-300x195.webp 300w, https:\/\/b2ti.com.br\/noticias-ti-corporativo\/wp-content\/uploads\/2023\/07\/capas-para-blog-b2ti-notebook-homeoffice-1-768x499.webp 768w, https:\/\/b2ti.com.br\/noticias-ti-corporativo\/wp-content\/uploads\/2023\/07\/capas-para-blog-b2ti-notebook-homeoffice-1.webp 1000w\" sizes=\"(max-width: 704px) 100vw, 704px\" \/><\/p>\n<\/div>\n<\/div>\n<\/div>\n<h2>4 -DELL NOTEBOOK LATITUDE 14 3440<\/h2>\n<p><img loading=\"lazy\" decoding=\"async\" class=\"alignnone  wp-image-550\" src=\"https:\/\/b2ti.com.br\/noticias-ti-corporativo\/wp-content\/uploads\/2023\/07\/Dell-Notebook-Latitude-3540-i5-1235U-1-300x300.webp\" alt=\"\" width=\"347\" height=\"347\" srcset=\"https:\/\/b2ti.com.br\/noticias-ti-corporativo\/wp-content\/uploads\/2023\/07\/Dell-Notebook-Latitude-3540-i5-1235U-1-300x300.webp 300w, https:\/\/b2ti.com.br\/noticias-ti-corporativo\/wp-content\/uploads\/2023\/07\/Dell-Notebook-Latitude-3540-i5-1235U-1-150x150.webp 150w, https:\/\/b2ti.com.br\/noticias-ti-corporativo\/wp-content\/uploads\/2023\/07\/Dell-Notebook-Latitude-3540-i5-1235U-1.webp 500w\" sizes=\"(max-width: 347px) 100vw, 347px\" \/><\/p>\n<div class=\"elementor-element elementor-element-cafe750 e-flex e-con-boxed e-con e-parent\" data-id=\"cafe750\" data-element_type=\"container\" data-core-v316-plus=\"true\">\n<div class=\"e-con-inner\">\n<div class=\"elementor-element elementor-element-813dec4 elementor-widget elementor-widget-image\" data-id=\"813dec4\" data-element_type=\"widget\" data-widget_type=\"image.default\">\n<div class=\"elementor-element elementor-element-dac8e35 elementor-widget elementor-widget-text-editor\" data-id=\"dac8e35\" data-element_type=\"widget\" data-widget_type=\"text-editor.default\">\n<div class=\"elementor-widget-container\">\n<h5>Especifica\u00e7\u00f5es Gerais:<\/h5>\n<ul>\n<li><strong>Modelo:<\/strong>\u00a0Dell Latitude 14 3440<\/li>\n<li><strong>Processador:<\/strong>\u00a0Intel Core i3 (varia de acordo com a configura\u00e7\u00e3o)<\/li>\n<li><strong>Tela:<\/strong>\u00a014 polegadas HD (1366 x 768 pixels)<\/li>\n<li><strong>Sistema Operacional:<\/strong>\u00a0Windows (varia de acordo com a configura\u00e7\u00e3o)<\/li>\n<li><strong>Mem\u00f3ria RAM:<\/strong>\u00a04 GB ou 8 GB (configur\u00e1vel)<\/li>\n<li><strong>Armazenamento:<\/strong>\u00a0HDD ou SSD (varia de acordo com a configura\u00e7\u00e3o)<\/li>\n<li><strong>Placa de V\u00eddeo:<\/strong>\u00a0Integrada (Intel HD Graphics)<\/li>\n<li><strong>Teclado:<\/strong>\u00a0Padr\u00e3o com teclado num\u00e9rico<\/li>\n<li><strong>Peso:<\/strong>\u00a0Aproximadamente 2,04 kg<\/li>\n<\/ul>\n<h5>Conectividade:<\/h5>\n<ul>\n<li><strong>Wi-Fi:<\/strong>\u00a0Wi-Fi 802.11n<\/li>\n<li><strong>Bluetooth:<\/strong>\u00a0Vers\u00e3o 4.0<\/li>\n<li><strong>Portas:<\/strong>\n<ul>\n<li>2 x USB 3.0<\/li>\n<li>2 x USB 2.0<\/li>\n<li>1 x HDMI<\/li>\n<li>1 x RJ-45 (Ethernet)<\/li>\n<li>1 x Entrada para fone de ouvido\/microfone<\/li>\n<li>Leitor de cart\u00e3o SD<\/li>\n<\/ul>\n<\/li>\n<\/ul>\n<h5>Bateria:<\/h5>\n<ul>\n<li><strong>Tipo:<\/strong>\u00a0Bateria de \u00edon de l\u00edtio<\/li>\n<li><strong>Capacidade:<\/strong>\u00a0At\u00e9 6 horas de uso (varia de acordo com a configura\u00e7\u00e3o)<\/li>\n<\/ul>\n<h5>Dimens\u00f5es:<\/h5>\n<ul>\n<li><strong>Altura:<\/strong>\u00a0Aproximadamente 25,4 mm<\/li>\n<li><strong>Largura:<\/strong>\u00a0Aproximadamente 346 mm<\/li>\n<li><strong>Profundidade:<\/strong>\u00a0Aproximadamente 246 mm<\/li>\n<\/ul>\n<h5>Recursos Adicionais:<\/h5>\n<ul>\n<li><strong>Webcam:<\/strong>\u00a0Integrada (HD)<\/li>\n<li><strong>\u00c1udio:<\/strong> Alto-falante est\u00e9reo<\/li>\n<li><strong>Cor:<\/strong>\u00a0Preto<\/li>\n<\/ul>\n<\/div>\n<\/div>\n<div class=\"elementor-element elementor-element-162511b elementor-widget elementor-widget-heading\" data-id=\"162511b\" data-element_type=\"widget\" data-widget_type=\"heading.default\">\n<div class=\"elementor-widget-container\">\n<h4 class=\"elementor-heading-title elementor-size-default\">O Dell Latitude 14 3440 \u00e9 um notebook b\u00e1sico projetado para tarefas simples e uso corporativo.<\/h4>\n<\/div>\n<\/div>\n<\/div>\n<\/div>\n<\/div>\n<h2>5 \u2013 ZBOOK HP FIREFLY 14 G9<\/h2>\n<p><img loading=\"lazy\" decoding=\"async\" class=\"alignnone  wp-image-551\" src=\"https:\/\/b2ti.com.br\/noticias-ti-corporativo\/wp-content\/uploads\/2023\/07\/ZBOOK-HP-FIREFLY-14-G9-1-300x180.webp\" alt=\"\" width=\"383\" height=\"230\" srcset=\"https:\/\/b2ti.com.br\/noticias-ti-corporativo\/wp-content\/uploads\/2023\/07\/ZBOOK-HP-FIREFLY-14-G9-1-300x180.webp 300w, https:\/\/b2ti.com.br\/noticias-ti-corporativo\/wp-content\/uploads\/2023\/07\/ZBOOK-HP-FIREFLY-14-G9-1.webp 500w\" sizes=\"(max-width: 383px) 100vw, 383px\" \/><\/p>\n<div class=\"elementor-element elementor-element-09d19a8 elementor-widget elementor-widget-text-editor\" data-id=\"09d19a8\" data-element_type=\"widget\" data-widget_type=\"text-editor.default\">\n<div class=\"elementor-widget-container\">\n<h5>Especifica\u00e7\u00f5es Gerais:<\/h5>\n<ul>\n<li><strong>Modelo:<\/strong>\u00a0HP ZBook Firefly 14 G9<\/li>\n<li><strong>Processador:<\/strong>\u00a0Intel Core i7-1255U (11\u00aa gera\u00e7\u00e3o)<\/li>\n<li><strong>Tela:<\/strong>\u00a014 polegadas Full HD (1920 x 1080 pixels)<\/li>\n<li><strong>Sistema Operacional:<\/strong>\u00a0Windows 11 Pro<\/li>\n<li><strong>Mem\u00f3ria RAM:<\/strong>\u00a016 GB DDR4<\/li>\n<li><strong>Armazenamento:<\/strong>\u00a0SSD de 512 GB<\/li>\n<li><strong>Placa de V\u00eddeo:<\/strong>\u00a0NVIDIA Quadro T550 (4 GB)<\/li>\n<li><strong>Teclado:<\/strong>\u00a0Retroiluminado<\/li>\n<li><strong>Peso:<\/strong>\u00a0Aproximadamente 1,4 kg<\/li>\n<\/ul>\n<h5>Conectividade:<\/h5>\n<ul>\n<li><strong>Wi-Fi:<\/strong>\u00a0Wi-Fi 6 (802.11ax)<\/li>\n<li><strong>Bluetooth:<\/strong>\u00a0Vers\u00e3o 5.2<\/li>\n<li><strong>Portas:<\/strong>\n<ul>\n<li>2 x USB 3.2 Gen 1<\/li>\n<li>1 x USB 3.2 Gen 2 (Thunderbolt 4)<\/li>\n<li>1 x HDMI 2.0<\/li>\n<li>1 x RJ-45 (Ethernet)<\/li>\n<li>1 x Entrada para fone de ouvido\/microfone<\/li>\n<li>Leitor de cart\u00e3o SD<\/li>\n<\/ul>\n<\/li>\n<\/ul>\n<h5>Bateria:<\/h5>\n<ul>\n<li><strong>Tipo:<\/strong>\u00a0Bateria de \u00edon de l\u00edtio<\/li>\n<li><strong>Capacidade:<\/strong>\u00a0At\u00e9 10 horas de uso (varia de acordo com a configura\u00e7\u00e3o)<\/li>\n<\/ul>\n<h5>Dimens\u00f5es:<\/h5>\n<ul>\n<li><strong>Altura:<\/strong>\u00a0Aproximadamente 17,9 mm<\/li>\n<li><strong>Largura:<\/strong>\u00a0Aproximadamente 323 mm<\/li>\n<li><strong>Profundidade:<\/strong>\u00a0Aproximadamente 215 mm<\/li>\n<\/ul>\n<h5>Recursos Adicionais:<\/h5>\n<ul>\n<li><strong>Webcam:<\/strong>\u00a0Integrada (HD)<\/li>\n<li><strong>\u00c1udio:<\/strong>\u00a0Alto-falantes est\u00e9reo com tecnologia Bang &amp; Olufsen<\/li>\n<li><strong>Seguran\u00e7a:<\/strong>\u00a0Leitor de impress\u00e3o digital, chip TPM 2.0<\/li>\n<li><strong>Cor:<\/strong>\u00a0Prata<\/li>\n<\/ul>\n<\/div>\n<\/div>\n<div class=\"elementor-element elementor-element-1e66771 elementor-widget elementor-widget-heading\" data-id=\"1e66771\" data-element_type=\"widget\" data-widget_type=\"heading.default\">\n<div class=\"elementor-widget-container\">\n<h4 class=\"elementor-heading-title elementor-size-default\">O HP ZBook Firefly 14 G9 \u00e9 um notebook robusto e potente, projetado para profissionais que exigem alto desempenho e confiabilidade.<\/h4>\n<\/div>\n<\/div>\n<div class=\"elementor-element elementor-element-7ed6ae6 elementor-widget elementor-widget-image\" data-id=\"7ed6ae6\" data-element_type=\"widget\" data-widget_type=\"image.default\"><\/div>\n<div data-id=\"7ed6ae6\" data-element_type=\"widget\" data-widget_type=\"image.default\"><\/div>\n<div data-id=\"7ed6ae6\" data-element_type=\"widget\" data-widget_type=\"image.default\">\n<h2>6 \u2013 Notebook Lenovo P15 G2<\/h2>\n<h2><img loading=\"lazy\" decoding=\"async\" class=\"alignnone  wp-image-552\" src=\"https:\/\/b2ti.com.br\/noticias-ti-corporativo\/wp-content\/uploads\/2023\/07\/Lenovo-P15-G2-1-300x180.webp\" alt=\"\" width=\"412\" height=\"247\" srcset=\"https:\/\/b2ti.com.br\/noticias-ti-corporativo\/wp-content\/uploads\/2023\/07\/Lenovo-P15-G2-1-300x180.webp 300w, https:\/\/b2ti.com.br\/noticias-ti-corporativo\/wp-content\/uploads\/2023\/07\/Lenovo-P15-G2-1.webp 500w\" sizes=\"(max-width: 412px) 100vw, 412px\" \/><\/h2>\n<div class=\"elementor-element elementor-element-cafe750 e-flex e-con-boxed e-con e-parent\" data-id=\"cafe750\" data-element_type=\"container\" data-core-v316-plus=\"true\">\n<div class=\"e-con-inner\">\n<div class=\"elementor-element elementor-element-2bfd5fd elementor-widget elementor-widget-text-editor\" data-id=\"2bfd5fd\" data-element_type=\"widget\" data-widget_type=\"text-editor.default\">\n<div class=\"elementor-widget-container\">\n<h5>Especifica\u00e7\u00f5es Gerais:<\/h5>\n<ul>\n<li><strong>Modelo:<\/strong>\u00a0Lenovo P15 G2<\/li>\n<li><strong>Processador:<\/strong>\u00a0Intel Core i7-11850H (11\u00aa gera\u00e7\u00e3o)<\/li>\n<li><strong>Tela:<\/strong>\u00a015,6 polegadas Full HD (1920 x 1080 pixels)<\/li>\n<li><strong>Sistema Operacional:<\/strong>\u00a0Windows 11 Pro<\/li>\n<li><strong>Mem\u00f3ria RAM:<\/strong>\u00a016 GB DDR4<\/li>\n<li><strong>Armazenamento:<\/strong>\u00a0SSD de 512 GB<\/li>\n<li><strong>Placa de V\u00eddeo:<\/strong>\u00a0NVIDIA Quadro T1200 (4 GB)<\/li>\n<li><strong>Teclado:<\/strong>\u00a0Retroiluminado<\/li>\n<li><strong>Peso:<\/strong>\u00a0Aproximadamente 2,5 kg<\/li>\n<\/ul>\n<h5>Conectividade:<\/h5>\n<ul>\n<li><strong>Wi-Fi:<\/strong>\u00a0Wi-Fi 6 (802.11ax)<\/li>\n<li><strong>Bluetooth:<\/strong>\u00a0Vers\u00e3o 5.2<\/li>\n<li><strong>Portas:<\/strong>\n<ul>\n<li>2 x USB 3.2 Gen 1<\/li>\n<li>2 x USB 3.2 Gen 2 (Thunderbolt 4)<\/li>\n<li>1 x HDMI 2.1<\/li>\n<li>1 x RJ-45 (Ethernet)<\/li>\n<li>1 x Entrada para fone de ouvido\/microfone<\/li>\n<li>Leitor de cart\u00e3o SD<\/li>\n<\/ul>\n<\/li>\n<\/ul>\n<h5>Bateria:<\/h5>\n<ul>\n<li><strong>Tipo:<\/strong>\u00a0Bateria de \u00edon de l\u00edtio<\/li>\n<li><strong>Capacidade:<\/strong>\u00a0At\u00e9 8 horas de uso (varia de acordo com a configura\u00e7\u00e3o)<\/li>\n<\/ul>\n<h5>Dimens\u00f5es:<\/h5>\n<ul>\n<li><strong>Altura:<\/strong>\u00a0Aproximadamente 24,5 mm<\/li>\n<li><strong>Largura:<\/strong>\u00a0Aproximadamente 377 mm<\/li>\n<li><strong>Profundidade:<\/strong>\u00a0Aproximadamente 252 mm<\/li>\n<\/ul>\n<h5>Recursos Adicionais:<\/h5>\n<ul>\n<li><strong>Webcam:<\/strong>\u00a0Integrada (HD)<\/li>\n<li><strong>\u00c1udio:<\/strong> Alto-falantes est\u00e9reo com tecnologia Dolby \u00c1udio<\/li>\n<li><strong>Seguran\u00e7a:<\/strong>\u00a0Leitor de impress\u00e3o digital, chip TPM 2.0<\/li>\n<li><strong>Cor:<\/strong>\u00a0Preto<\/li>\n<\/ul>\n<\/div>\n<\/div>\n<div class=\"elementor-element elementor-element-d2e7548 elementor-widget elementor-widget-heading\" data-id=\"d2e7548\" data-element_type=\"widget\" data-widget_type=\"heading.default\">\n<div class=\"elementor-widget-container\">\n<h4 class=\"elementor-heading-title elementor-size-default\">O Lenovo P15 G2 \u00e9 um notebook robusto e potente, projetado para profissionais que exigem alto desempenho e confiabilidade.\u200b<\/h4>\n<\/div>\n<\/div>\n<\/div>\n<\/div>\n<div class=\"elementor-element elementor-element-1f16893 e-flex e-con-boxed e-con e-parent\" data-id=\"1f16893\" data-element_type=\"container\" data-core-v316-plus=\"true\">\n<div class=\"e-con-inner\">\n<div class=\"elementor-element elementor-element-dfb84b1 elementor-widget elementor-widget-image\" data-id=\"dfb84b1\" data-element_type=\"widget\" data-widget_type=\"image.default\"><img loading=\"lazy\" decoding=\"async\" class=\" wp-image-553 aligncenter\" src=\"https:\/\/b2ti.com.br\/noticias-ti-corporativo\/wp-content\/uploads\/2023\/07\/work-notebook-1-300x195.webp\" alt=\"\" width=\"660\" height=\"429\" srcset=\"https:\/\/b2ti.com.br\/noticias-ti-corporativo\/wp-content\/uploads\/2023\/07\/work-notebook-1-300x195.webp 300w, https:\/\/b2ti.com.br\/noticias-ti-corporativo\/wp-content\/uploads\/2023\/07\/work-notebook-1-768x499.webp 768w, https:\/\/b2ti.com.br\/noticias-ti-corporativo\/wp-content\/uploads\/2023\/07\/work-notebook-1.webp 1000w\" sizes=\"(max-width: 660px) 100vw, 660px\" \/><\/div>\n<\/div>\n<\/div>\n<\/div>\n<h2>7 \u2013 MacBook Air: Apple M3<\/h2>\n<p><img loading=\"lazy\" decoding=\"async\" class=\"alignnone size-medium wp-image-554\" src=\"https:\/\/b2ti.com.br\/noticias-ti-corporativo\/wp-content\/uploads\/2023\/07\/macbook-pro-1-300x180.webp\" alt=\"\" width=\"300\" height=\"180\" srcset=\"https:\/\/b2ti.com.br\/noticias-ti-corporativo\/wp-content\/uploads\/2023\/07\/macbook-pro-1-300x180.webp 300w, https:\/\/b2ti.com.br\/noticias-ti-corporativo\/wp-content\/uploads\/2023\/07\/macbook-pro-1.webp 500w\" sizes=\"(max-width: 300px) 100vw, 300px\" \/><\/p>\n<div class=\"elementor-element elementor-element-e7710c7 elementor-widget elementor-widget-text-editor\" data-id=\"e7710c7\" data-element_type=\"widget\" data-widget_type=\"text-editor.default\">\n<div class=\"elementor-widget-container\">\n<h5>Especifica\u00e7\u00f5es Gerais:<\/h5>\n<ul>\n<li><strong>Chip Apple M3<\/strong>:\n<ul>\n<li><strong>CPU<\/strong>: 8 n\u00facleos (4 n\u00facleos de alto desempenho e 4 n\u00facleos de efici\u00eancia).<\/li>\n<li><strong>GPU<\/strong>: 8 n\u00facleos (configur\u00e1vel para 10 n\u00facleos).<\/li>\n<li><strong>Ray tracing acelerado por hardware<\/strong>.<\/li>\n<li><strong>Neural Engine de 16 n\u00facleos<\/strong>.<\/li>\n<li><strong>Largura de banda de mem\u00f3ria de 100 GB\/s<\/strong>.<\/li>\n<li><strong>Motor de m\u00eddia<\/strong>:\n<ul>\n<li>Decodifica\u00e7\u00e3o de v\u00eddeo acelerada por hardware para formatos como H.264, HEVC, ProRes e ProRes RAW.<\/li>\n<li>Codifica\u00e7\u00e3o de v\u00eddeo.<\/li>\n<li>Suporte para AV1.<\/li>\n<\/ul>\n<\/li>\n<\/ul>\n<\/li>\n<li><strong>Tela<\/strong>:\n<ul>\n<li><strong>Retina l\u00edquida<\/strong>\u00a0de 13,6 polegadas.<\/li>\n<li>Resolu\u00e7\u00e3o nativa de\u00a0<strong>2560 x 1664 pixels<\/strong>\u00a0a 224 pixels por polegada.<\/li>\n<li>Brilho de\u00a0<strong>500 nits<\/strong>.<\/li>\n<li>Suporte para\u00a0<strong>1 bilh\u00e3o de cores<\/strong>.<\/li>\n<li>Tecnologia\u00a0<strong>True Tone<\/strong>.<\/li>\n<\/ul>\n<\/li>\n<li><strong>Mem\u00f3ria<\/strong>:\n<ul>\n<li><strong>8 GB de mem\u00f3ria unificada<\/strong>\u00a0(configur\u00e1vel para 16 GB ou 24 GB).<\/li>\n<\/ul>\n<\/li>\n<li><strong>Armazenamento<\/strong>:\n<ul>\n<li><strong>SSD de 256 GB<\/strong>\u00a0(configur\u00e1vel para 512 GB, 1 TB ou 2 TB).<\/li>\n<\/ul>\n<\/li>\n<li><strong>Bateria e alimenta\u00e7\u00e3o<\/strong>:\n<ul>\n<li>At\u00e9\u00a0<strong>18 horas<\/strong>\u00a0de reprodu\u00e7\u00e3o de filmes no app Apple TV.<\/li>\n<li>At\u00e9\u00a0<strong>15 horas<\/strong>\u00a0de navega\u00e7\u00e3o na web.<\/li>\n<li>Bateria de\u00a0<strong>52,6 watt-hora<\/strong>\u00a0de \u00edon de l\u00edtio.<\/li>\n<li>Adaptador de energia USB-C de\u00a0<strong>30W<\/strong>\u00a0(inclu\u00eddo com M2 e M3 com GPU de 8 n\u00facleos).<\/li>\n<li>Adaptador de energia compacto de\u00a0<strong>35W<\/strong>\u00a0com\u00a0<strong>duas portas USB-C<\/strong>\u00a0(inclu\u00eddo com M2 e M3 com GPU de 10 n\u00facleos e armazenamento de 512 GB; configur\u00e1vel com M2 e M3 com GPU de 8 n\u00facleos).<\/li>\n<\/ul>\n<\/li>\n<li><strong>Conectividade<\/strong>:\n<ul>\n<li><strong>Porta de carregamento MagSafe 3<\/strong>.<\/li>\n<li><strong>Porta para fone de ouvido de 3,5 mm<\/strong>.<\/li>\n<li><strong>Duas portas Thunderbolt \/ USB 4<\/strong>\u00a0com suporte para carregamento, DisplayPort e transfer\u00eancia de dados.<\/li>\n<\/ul>\n<\/li>\n<li><strong>Dimens\u00f5es<\/strong>:\n<ul>\n<li><strong>Altura<\/strong>: Aproximadamente 24,5 mm.<\/li>\n<li><strong>Largura<\/strong>: Aproximadamente 377 mm.<\/li>\n<li><strong>Profundidade<\/strong>: Aproximadamente 252 mm.<\/li>\n<\/ul>\n<\/li>\n<li><strong>Recursos adicionais<\/strong>:\n<ul>\n<li><strong>Webcam integrada<\/strong>\u00a0(HD).<\/li>\n<li><strong>\u00c1udio com quatro alto-falantes<\/strong>\u00a0e suporte para\u00a0<strong>Spatial \u00c1udio<\/strong>\u00a0com Dolby Atmos.<\/li>\n<li><strong>Sensor de luz ambiente<\/strong>.<\/li>\n<li><strong>Touch ID<\/strong>.<\/li>\n<li><strong>Teclado Magic Keyboard retroiluminado<\/strong>.<\/li>\n<li><strong>Wi-Fi 6E<\/strong>\u00a0(802.11ax) e\u00a0<strong>Bluetooth 5.3<\/strong>.<\/li>\n<\/ul>\n<\/li>\n<\/ul>\n<\/div>\n<\/div>\n<div class=\"elementor-element elementor-element-601978f elementor-widget elementor-widget-heading\" data-id=\"601978f\" data-element_type=\"widget\" data-widget_type=\"heading.default\">\n<div class=\"elementor-widget-container\">\n<h4 class=\"elementor-heading-title elementor-size-default\">O MacBook Air com M3 \u00e9 uma escolha excepcional para quem busca mobilidade, desempenho e qualidade Apple.<\/h4>\n<\/div>\n<\/div>\n<p>Este artigo foi desenvolvido por uma revenda especializada em notebooks para trabalho, com base nas prefer\u00eancias das principais empresas brasileiras em hardware corporativo. Para obter informa\u00e7\u00f5es detalhadas sobre notebooks corporativos e fazer as escolhas mais adequadas para o seu neg\u00f3cio, entre em\u00a0<a href=\"https:\/\/b2ti.com.br\/contato\">contato<\/a>\u00a0e descubra a melhor op\u00e7\u00e3o para atender \u00e0s necessidades da sua empresa.<\/p>\n","protected":false},"excerpt":{"rendered":"<p>Os notebooks para uso corporativo desempenham um papel crucial na produtividade e efici\u00eancia dos profissionais. Seja para reuni\u00f5es, apresenta\u00e7\u00f5es ou tarefas di\u00e1rias, ter um dispositivo confi\u00e1vel \u00e9 essencial.<\/p>\n","protected":false},"author":1,"featured_media":556,"comment_status":"closed","ping_status":"closed","sticky":false,"template":"","format":"standard","meta":{"footnotes":""},"categories":[2,31],"tags":[24],"class_list":["post-117","post","type-post","status-publish","format-standard","has-post-thumbnail","hentry","category-equipamentos-de-ti","category-guias-de-equipamentos-de-informatica","tag-notebook"],"blog_post_layout_featured_media_urls":{"thumbnail":["https:\/\/b2ti.com.br\/noticias-ti-corporativo\/wp-content\/uploads\/2023\/07\/capas-para-blog-b2ti-notebook-1-150x150.webp",150,150,true],"full":["https:\/\/b2ti.com.br\/noticias-ti-corporativo\/wp-content\/uploads\/2023\/07\/capas-para-blog-b2ti-notebook-1.webp",1000,650,false]},"categories_names":{"2":{"name":"Equipamentos de TI","link":"https:\/\/b2ti.com.br\/noticias-ti-corporativo\/category\/equipamentos-de-ti\/"},"31":{"name":"Guias de equipamentos de informatica","link":"https:\/\/b2ti.com.br\/noticias-ti-corporativo\/category\/guias-de-equipamentos-de-informatica\/"}},"tags_names":{"24":{"name":"Notebook","link":"https:\/\/b2ti.com.br\/noticias-ti-corporativo\/tag\/notebook\/"}},"comments_number":"0","wpmagazine_modules_lite_featured_media_urls":{"thumbnail":["https:\/\/b2ti.com.br\/noticias-ti-corporativo\/wp-content\/uploads\/2023\/07\/capas-para-blog-b2ti-notebook-1-150x150.webp",150,150,true],"cvmm-medium":["https:\/\/b2ti.com.br\/noticias-ti-corporativo\/wp-content\/uploads\/2023\/07\/capas-para-blog-b2ti-notebook-1-300x300.webp",300,300,true],"cvmm-medium-plus":["https:\/\/b2ti.com.br\/noticias-ti-corporativo\/wp-content\/uploads\/2023\/07\/capas-para-blog-b2ti-notebook-1-305x207.webp",305,207,true],"cvmm-portrait":["https:\/\/b2ti.com.br\/noticias-ti-corporativo\/wp-content\/uploads\/2023\/07\/capas-para-blog-b2ti-notebook-1-400x600.webp",400,600,true],"cvmm-medium-square":["https:\/\/b2ti.com.br\/noticias-ti-corporativo\/wp-content\/uploads\/2023\/07\/capas-para-blog-b2ti-notebook-1-600x600.webp",600,600,true],"cvmm-large":["https:\/\/b2ti.com.br\/noticias-ti-corporativo\/wp-content\/uploads\/2023\/07\/capas-para-blog-b2ti-notebook-1.webp",1000,650,false],"cvmm-small":["https:\/\/b2ti.com.br\/noticias-ti-corporativo\/wp-content\/uploads\/2023\/07\/capas-para-blog-b2ti-notebook-1-130x95.webp",130,95,true],"full":["https:\/\/b2ti.com.br\/noticias-ti-corporativo\/wp-content\/uploads\/2023\/07\/capas-para-blog-b2ti-notebook-1.webp",1000,650,false]},"_links":{"self":[{"href":"https:\/\/b2ti.com.br\/noticias-ti-corporativo\/wp-json\/wp\/v2\/posts\/117","targetHints":{"allow":["GET"]}}],"collection":[{"href":"https:\/\/b2ti.com.br\/noticias-ti-corporativo\/wp-json\/wp\/v2\/posts"}],"about":[{"href":"https:\/\/b2ti.com.br\/noticias-ti-corporativo\/wp-json\/wp\/v2\/types\/post"}],"author":[{"embeddable":true,"href":"https:\/\/b2ti.com.br\/noticias-ti-corporativo\/wp-json\/wp\/v2\/users\/1"}],"replies":[{"embeddable":true,"href":"https:\/\/b2ti.com.br\/noticias-ti-corporativo\/wp-json\/wp\/v2\/comments?post=117"}],"version-history":[{"count":5,"href":"https:\/\/b2ti.com.br\/noticias-ti-corporativo\/wp-json\/wp\/v2\/posts\/117\/revisions"}],"predecessor-version":[{"id":691,"href":"https:\/\/b2ti.com.br\/noticias-ti-corporativo\/wp-json\/wp\/v2\/posts\/117\/revisions\/691"}],"wp:featuredmedia":[{"embeddable":true,"href":"https:\/\/b2ti.com.br\/noticias-ti-corporativo\/wp-json\/wp\/v2\/media\/556"}],"wp:attachment":[{"href":"https:\/\/b2ti.com.br\/noticias-ti-corporativo\/wp-json\/wp\/v2\/media?parent=117"}],"wp:term":[{"taxonomy":"category","embeddable":true,"href":"https:\/\/b2ti.com.br\/noticias-ti-corporativo\/wp-json\/wp\/v2\/categories?post=117"},{"taxonomy":"post_tag","embeddable":true,"href":"https:\/\/b2ti.com.br\/noticias-ti-corporativo\/wp-json\/wp\/v2\/tags?post=117"}],"curies":[{"name":"wp","href":"https:\/\/api.w.org\/{rel}","templated":true}]}}